{"id":11988,"date":"2025-12-09T09:17:55","date_gmt":"2025-12-09T08:17:55","guid":{"rendered":"https:\/\/diversityhub.pl\/when-the-camera-helps-you-understand-a-conversation-about-the-making-of-a-film-about-neurodiversity-in-orange\/"},"modified":"2025-12-10T13:17:02","modified_gmt":"2025-12-10T12:17:02","slug":"when-the-camera-helps-you-understand-a-conversation-about-the-making-of-a-film-about-neurodiversity-in-orange","status":"publish","type":"post","link":"https:\/\/diversityhub.pl\/en\/when-the-camera-helps-you-understand-a-conversation-about-the-making-of-a-film-about-neurodiversity-in-orange\/","title":{"rendered":"When the camera helps you understand: a conversation about the making of a film about neurodiversity in Orange"},"content":{"rendered":"<div class=\"fusion-fullwidth fullwidth-box fusion-builder-row-1 fusion-flex-container has-pattern-background has-mask-background nonhundred-percent-fullwidth non-hundred-percent-height-scrolling\" style=\"--awb-border-radius-top-left:0px;--awb-border-radius-top-right:0px;--awb-border-radius-bottom-right:0px;--awb-border-radius-bottom-left:0px;--awb-padding-top:0px;--awb-padding-right:0px;--awb-padding-bottom:0px;--awb-padding-left:0px;--awb-flex-wrap:wrap;\" ><div class=\"fusion-builder-row fusion-row fusion-flex-align-items-flex-start fusion-flex-content-wrap\" style=\"max-width:calc( 1200px + 5vw );margin-left: calc(-5vw \/ 2 );margin-right: calc(-5vw \/ 2 );\"><div class=\"fusion-layout-column fusion_builder_column fusion-builder-column-0 fusion_builder_column_2_3 2_3 fusion-flex-column\" style=\"--awb-bg-size:cover;--awb-width-large:66.666666666667%;--awb-margin-top-large:0px;--awb-spacing-right-large:2.5vw;--awb-margin-bottom-large:0px;--awb-spacing-left-large:2.5vw;--awb-width-medium:66.666666666667%;--awb-order-medium:0;--awb-spacing-right-medium:2.5vw;--awb-spacing-left-medium:2.5vw;--awb-width-small:100%;--awb-order-small:0;--awb-spacing-right-small:2.5vw;--awb-spacing-left-small:2.5vw;\" data-scroll-devices=\"small-visibility,medium-visibility,large-visibility\"><div class=\"fusion-column-wrapper fusion-column-has-shadow fusion-flex-justify-content-flex-start fusion-content-layout-column\"><div class=\"fusion-title title fusion-title-1 fusion-sep-none fusion-title-text fusion-title-size-two\" style=\"--awb-margin-top:2rem;--awb-margin-bottom:1rem;--awb-margin-top-small:10px;--awb-margin-right-small:0px;--awb-margin-bottom-small:10px;--awb-margin-left-small:0px;--awb-font-size:var(--awb-typography3-font-size);\"><h2 class=\"fusion-title-heading title-heading-left fusion-responsive-typography-calculated\" style=\"font-family:var(--awb-typography3-font-family);font-weight:var(--awb-typography3-font-weight);font-style:var(--awb-typography3-font-style);margin:0;letter-spacing:var(--awb-typography3-letter-spacing);text-transform:var(--awb-typography3-text-transform);font-size:1em;--fontSize:24;line-height:var(--awb-typography3-line-height);\">Magda Witkiewicz-Gavenda (Diversity Hub): Where did you even get the idea for such a project?<\/h2><\/div><div class=\"fusion-text fusion-text-1 fusion-text-no-margin\" style=\"--awb-text-transform:none;--awb-margin-top:1rem;--awb-margin-right:0px;--awb-margin-bottom:0px;--awb-margin-left:0px;\"><p><b>Sylwia Sikorska-Ney (Chief Specialist for Internal Communications and Organizational Culture): <\/b> The impetus came when I saw the videos and materials that had been made earlier in the company. It made a huge impression on me. I thought at the time: &#8220;Wow, corporations can do such things?&#8221;. I knew I had come to the right place.<\/p>\n<p><span style=\"font-family: var(--awb-text-font-family); font-size: var(--awb-font-size); font-style: var(--awb-text-font-style); letter-spacing: var(--awb-letter-spacing); text-align: var(--awb-content-alignment); text-transform: var(--awb-text-transform);\">When I saw how the previous film was made and what kind of reception it had, I already knew: we need to do something similar, but about neurodiversity &#8211; a topic that is particularly close to me, since I have ADHD myself. I felt it was important to talk about it openly. <\/span><span style=\"font-family: var(--awb-text-font-family); font-size: var(--awb-font-size); font-style: var(--awb-text-font-style); letter-spacing: var(--awb-letter-spacing); text-align: var(--awb-content-alignment); text-transform: var(--awb-text-transform);\">.<\/span><\/p>\n<\/div><div class=\"fusion-title title fusion-title-2 fusion-sep-none fusion-title-text fusion-title-size-two\" style=\"--awb-margin-top:2rem;--awb-margin-bottom:1rem;--awb-margin-top-small:10px;--awb-margin-right-small:0px;--awb-margin-bottom-small:10px;--awb-margin-left-small:0px;--awb-font-size:var(--awb-typography3-font-size);\"><h2 class=\"fusion-title-heading title-heading-left fusion-responsive-typography-calculated\" style=\"font-family:var(--awb-typography3-font-family);font-weight:var(--awb-typography3-font-weight);font-style:var(--awb-typography3-font-style);margin:0;letter-spacing:var(--awb-typography3-letter-spacing);text-transform:var(--awb-typography3-text-transform);font-size:1em;--fontSize:24;line-height:var(--awb-typography3-line-height);\">So the idea came from a personal need, but you were also inspired by the culture of the organization?<\/h2><\/div><div class=\"fusion-text fusion-text-2\" style=\"--awb-content-alignment:left;--awb-font-size:var(--awb-typography4-font-size);--awb-line-height:var(--awb-typography4-line-height);--awb-letter-spacing:var(--awb-typography4-letter-spacing);--awb-text-transform:var(--awb-typography4-text-transform);--awb-text-font-family:&quot;Poppins&quot;;--awb-text-font-style:normal;--awb-text-font-weight:700;\"><p><span style=\"font-weight: normal;\">Definitely yes. I&#8217;ve been working at Orange for a year &#8211; already in the first week of work one of my colleagues mentioned her ADHD in passing. It made me feel safe. I saw that it was possible to be myself in this company. Then I got involved in meetings of the community of neuroatypical people, and naturally the idea of a film came up.    <\/span><\/p>\n<\/div><div class=\"fusion-title title fusion-title-3 fusion-sep-none fusion-title-text fusion-title-size-two\" style=\"--awb-margin-top:2rem;--awb-margin-bottom:1rem;--awb-margin-top-small:10px;--awb-margin-right-small:0px;--awb-margin-bottom-small:10px;--awb-margin-left-small:0px;--awb-font-size:var(--awb-typography3-font-size);\"><h2 class=\"fusion-title-heading title-heading-left fusion-responsive-typography-calculated\" style=\"font-family:var(--awb-typography3-font-family);font-weight:var(--awb-typography3-font-weight);font-style:var(--awb-typography3-font-style);margin:0;letter-spacing:var(--awb-typography3-letter-spacing);text-transform:var(--awb-typography3-text-transform);font-size:1em;--fontSize:24;line-height:var(--awb-typography3-line-height);\">What was the creation process itself like?<\/h2><\/div><div class=\"fusion-text fusion-text-3\" style=\"--awb-content-alignment:left;--awb-font-size:var(--awb-typography4-font-size);--awb-line-height:var(--awb-typography4-line-height);--awb-letter-spacing:var(--awb-typography4-letter-spacing);--awb-text-transform:var(--awb-typography4-text-transform);--awb-text-font-family:&quot;Poppins&quot;;--awb-text-font-style:normal;--awb-text-font-weight:700;\"><p><span style=\"font-weight: normal;\">I&#8217;ve been lucky &#8211; in the team I have two great experts in photo and video materials, Tomek Kociolkowski and Lukasz Slusarczyk. They create in-house materials on a daily basis and do it at a really top level. I wanted this project to be equally professional.  <\/span><\/p>\n<p><span style=\"font-weight: normal;\">First, the guys and I prepared a questionnaire &#8211; questions about the experience, about what the person would like to convey with his presence in the film, but also about practical issues, such as what might be difficult for him during the recording. We wanted each person to feel comfortable. <\/span><\/p>\n<\/div><div class=\"fusion-title title fusion-title-4 fusion-sep-none fusion-title-text fusion-title-size-two\" style=\"--awb-margin-top:2rem;--awb-margin-bottom:1rem;--awb-margin-top-small:10px;--awb-margin-right-small:0px;--awb-margin-bottom-small:10px;--awb-margin-left-small:0px;--awb-font-size:var(--awb-typography3-font-size);\"><h2 class=\"fusion-title-heading title-heading-left fusion-responsive-typography-calculated\" style=\"font-family:var(--awb-typography3-font-family);font-weight:var(--awb-typography3-font-weight);font-style:var(--awb-typography3-font-style);margin:0;letter-spacing:var(--awb-typography3-letter-spacing);text-transform:var(--awb-typography3-text-transform);font-size:1em;--fontSize:24;line-height:var(--awb-typography3-line-height);\">How did you search for the heroes and heroines of the film?<\/h2><\/div><div class=\"fusion-text fusion-text-4\" style=\"--awb-content-alignment:left;--awb-font-size:var(--awb-typography4-font-size);--awb-line-height:var(--awb-typography4-line-height);--awb-letter-spacing:var(--awb-typography4-letter-spacing);--awb-text-transform:var(--awb-typography4-text-transform);--awb-text-font-family:&quot;Poppins&quot;;--awb-text-font-style:normal;--awb-text-font-weight:700;\"><p><span style=\"font-weight: normal;\">It&#8217;s a little bit of a slipper mail. We didn&#8217;t announce it officially. We wanted the performing group to be diverse &#8211; by gender, by position, to represent different parts of the company. It was a challenge, but in the end we managed to assemble a great group.   <\/span><\/p>\n<\/div><div class=\"fusion-title title fusion-title-5 fusion-sep-none fusion-title-text fusion-title-size-two\" style=\"--awb-margin-top:2rem;--awb-margin-bottom:1rem;--awb-margin-top-small:10px;--awb-margin-right-small:0px;--awb-margin-bottom-small:10px;--awb-margin-left-small:0px;--awb-font-size:var(--awb-typography3-font-size);\"><h2 class=\"fusion-title-heading title-heading-left fusion-responsive-typography-calculated\" style=\"font-family:var(--awb-typography3-font-family);font-weight:var(--awb-typography3-font-weight);font-style:var(--awb-typography3-font-style);margin:0;letter-spacing:var(--awb-typography3-letter-spacing);text-transform:var(--awb-typography3-text-transform);font-size:1em;--fontSize:24;line-height:var(--awb-typography3-line-height);\">What did the recordings themselves look like?<\/h2><\/div><div class=\"fusion-text fusion-text-5\" style=\"--awb-content-alignment:left;--awb-font-size:var(--awb-typography4-font-size);--awb-line-height:var(--awb-typography4-line-height);--awb-letter-spacing:var(--awb-typography4-letter-spacing);--awb-text-transform:var(--awb-typography4-text-transform);--awb-text-font-family:&quot;Poppins&quot;;--awb-text-font-style:normal;--awb-text-font-weight:700;\"><p><span style=\"font-weight: normal;\">We spent half a day with each person, recording conversations and additional shots in different spaces of our office. I sat across from them, we talked, and the camera just recorded the dialogue. For many, this felt surprisingly natural.    <\/span><\/p>\n<p><span style=\"font-weight: normal;\">We collected a lot of material &#8211; it could make a feature-length film! \ud83d\ude42 In the end it lasts 17 minutes, although we planned a five-minute recording. <\/span><\/p>\n<\/div><div class=\"fusion-title title fusion-title-6 fusion-sep-none fusion-title-text fusion-title-size-two\" style=\"--awb-margin-top:2rem;--awb-margin-bottom:1rem;--awb-margin-top-small:10px;--awb-margin-right-small:0px;--awb-margin-bottom-small:10px;--awb-margin-left-small:0px;--awb-font-size:var(--awb-typography3-font-size);\"><h2 class=\"fusion-title-heading title-heading-left fusion-responsive-typography-calculated\" style=\"font-family:var(--awb-typography3-font-family);font-weight:var(--awb-typography3-font-weight);font-style:var(--awb-typography3-font-style);margin:0;letter-spacing:var(--awb-typography3-letter-spacing);text-transform:var(--awb-typography3-text-transform);font-size:1em;--fontSize:24;line-height:var(--awb-typography3-line-height);\">The video also features the expert voice of Kari Goldyn. Where did the idea come from?<\/h2><\/div><div class=\"fusion-text fusion-text-6\" style=\"--awb-content-alignment:left;--awb-font-size:var(--awb-typography4-font-size);--awb-line-height:var(--awb-typography4-line-height);--awb-letter-spacing:var(--awb-typography4-letter-spacing);--awb-text-transform:var(--awb-typography4-text-transform);--awb-text-font-family:&quot;Poppins&quot;;--awb-text-font-style:normal;--awb-text-font-weight:700;\"><p><span style=\"font-weight: normal;\">It was Tom and Luke&#8217;s idea &#8211; they decided that with such a topic it was useful to have an outside perspective. An expert helped sort out some of the issues and gave the film a factual context. <\/span><\/p>\n<\/div><div class=\"fusion-title title fusion-title-7 fusion-sep-none fusion-title-text fusion-title-size-two\" style=\"--awb-margin-top:2rem;--awb-margin-bottom:1rem;--awb-margin-top-small:10px;--awb-margin-right-small:0px;--awb-margin-bottom-small:10px;--awb-margin-left-small:0px;--awb-font-size:var(--awb-typography3-font-size);\"><h2 class=\"fusion-title-heading title-heading-left fusion-responsive-typography-calculated\" style=\"font-family:var(--awb-typography3-font-family);font-weight:var(--awb-typography3-font-weight);font-style:var(--awb-typography3-font-style);margin:0;letter-spacing:var(--awb-typography3-letter-spacing);text-transform:var(--awb-typography3-text-transform);font-size:1em;--fontSize:24;line-height:var(--awb-typography3-line-height);\">How did the organization react when the film was shown?<\/h2><\/div><div class=\"fusion-text fusion-text-7\" style=\"--awb-content-alignment:left;--awb-font-size:var(--awb-typography4-font-size);--awb-line-height:var(--awb-typography4-line-height);--awb-letter-spacing:var(--awb-typography4-letter-spacing);--awb-text-transform:var(--awb-typography4-text-transform);--awb-text-font-family:&quot;Poppins&quot;;--awb-text-font-style:normal;--awb-text-font-weight:700;\"><p><span style=\"font-weight: normal;\">The reactions were amazing. We premiered the film during &#8220;Days with Development.&#8221; First there was a short power speech by an expert about how neurodiversity is simply a feature, then a screening of the film and a conversation with representatives of other companies about their approach to the topic of neuroinclusion.  <\/span><\/p>\n<p><span style=\"font-weight: normal;\">Feedback was positive &#8211; people who attended the event wrote that it was a valuable meeting. Someone mentioned that this video is the best advertisement for Orange, because it shows that you can really be yourself here. <\/span><\/p>\n<p><span style=\"font-weight: normal;\">I also received a lot of private messages. Some people wrote that it was only thanks to this film that they understood what neuroatypicality was and began to think about their own diagnosis. This shows how necessary it was.  <\/span><\/p>\n<\/div><div class=\"fusion-title title fusion-title-8 fusion-sep-none fusion-title-text fusion-title-size-two\" style=\"--awb-margin-top:2rem;--awb-margin-bottom:1rem;--awb-margin-top-small:10px;--awb-margin-right-small:0px;--awb-margin-bottom-small:10px;--awb-margin-left-small:0px;--awb-font-size:var(--awb-typography3-font-size);\"><h2 class=\"fusion-title-heading title-heading-left fusion-responsive-typography-calculated\" style=\"font-family:var(--awb-typography3-font-family);font-weight:var(--awb-typography3-font-weight);font-style:var(--awb-typography3-font-style);margin:0;letter-spacing:var(--awb-typography3-letter-spacing);text-transform:var(--awb-typography3-text-transform);font-size:1em;--fontSize:24;line-height:var(--awb-typography3-line-height);\">What do you think &#8211; what makes it possible to do such projects and create so openly in your organization?<\/h2><\/div><div class=\"fusion-text fusion-text-8\" style=\"--awb-content-alignment:left;--awb-font-size:var(--awb-typography4-font-size);--awb-line-height:var(--awb-typography4-line-height);--awb-letter-spacing:var(--awb-typography4-letter-spacing);--awb-text-transform:var(--awb-typography4-text-transform);--awb-text-font-family:&quot;Poppins&quot;;--awb-text-font-style:normal;--awb-text-font-weight:700;\"><p><span style=\"font-weight: normal;\">It&#8217;s mostly a matter of people. My supervisor is extremely open &#8211; she allows me to act and trusts that I know what I&#8217;m doing. It is this openness that is key: you don&#8217;t need to know all the definitions of neuroatypicality to create a good work environment. It is enough to be empathetic and flexible to differences.   <\/span><\/p>\n<p><span style=\"font-weight: normal;\">Not all managers need to be experts and experts on neurodiversity. But if they have understanding and can listen &#8211; that&#8217;s a lot. What I&#8217;ve often heard from people taking part in the film is that they have &#8220;great supervisors&#8221; &#8211; ones who can adapt to people, rather than stick to rigid rules.  <\/span><\/p>\n<\/div><div class=\"fusion-title title fusion-title-9 fusion-sep-none fusion-title-text fusion-title-size-two\" style=\"--awb-margin-top:2rem;--awb-margin-bottom:1rem;--awb-margin-top-small:10px;--awb-margin-right-small:0px;--awb-margin-bottom-small:10px;--awb-margin-left-small:0px;--awb-font-size:var(--awb-typography3-font-size);\"><h2 class=\"fusion-title-heading title-heading-left fusion-responsive-typography-calculated\" style=\"font-family:var(--awb-typography3-font-family);font-weight:var(--awb-typography3-font-weight);font-style:var(--awb-typography3-font-style);margin:0;letter-spacing:var(--awb-typography3-letter-spacing);text-transform:var(--awb-typography3-text-transform);font-size:1em;--fontSize:24;line-height:var(--awb-typography3-line-height);\">Did the film change anything about the organization itself?<\/h2><\/div><div class=\"fusion-text fusion-text-9\" style=\"--awb-content-alignment:left;--awb-font-size:var(--awb-typography4-font-size);--awb-line-height:var(--awb-typography4-line-height);--awb-letter-spacing:var(--awb-typography4-letter-spacing);--awb-text-transform:var(--awb-typography4-text-transform);--awb-text-font-family:&quot;Poppins&quot;;--awb-text-font-style:normal;--awb-text-font-weight:700;\"><p><span style=\"font-weight: normal;\">It has certainly raised awareness. It has started to talk more about the topic, and I am now working to revitalize our neurocommunity. It&#8217;s meant to be a space for support and sharing experiences.    <\/span><\/p>\n<\/div><div class=\"fusion-title title fusion-title-10 fusion-sep-none fusion-title-text fusion-title-size-two\" style=\"--awb-margin-top:2rem;--awb-margin-bottom:1rem;--awb-margin-top-small:10px;--awb-margin-right-small:0px;--awb-margin-bottom-small:10px;--awb-margin-left-small:0px;--awb-font-size:var(--awb-typography3-font-size);\"><h2 class=\"fusion-title-heading title-heading-left fusion-responsive-typography-calculated\" style=\"font-family:var(--awb-typography3-font-family);font-weight:var(--awb-typography3-font-weight);font-style:var(--awb-typography3-font-style);margin:0;letter-spacing:var(--awb-typography3-letter-spacing);text-transform:var(--awb-typography3-text-transform);font-size:1em;--fontSize:24;line-height:var(--awb-typography3-line-height);\">What did the project give you personally?<\/h2><\/div><div class=\"fusion-text fusion-text-10\" style=\"--awb-content-alignment:left;--awb-font-size:var(--awb-typography4-font-size);--awb-line-height:var(--awb-typography4-line-height);--awb-letter-spacing:var(--awb-typography4-letter-spacing);--awb-text-transform:var(--awb-typography4-text-transform);--awb-text-font-family:&quot;Poppins&quot;;--awb-text-font-style:normal;--awb-text-font-weight:700;\"><p><span style=\"font-weight: normal;\">A tremendous amount. First &#8211; the feeling that I can be myself and that it works. Second &#8211; contact with people. And third &#8211; the belief that a corporation can be a place of authenticity and vulnerability.     <\/span><\/p>\n<\/div><\/div><\/div><div class=\"fusion-layout-column fusion_builder_column fusion-builder-column-1 awb-sticky awb-sticky-small awb-sticky-medium awb-sticky-large fusion_builder_column_1_3 1_3 fusion-flex-column fusion-no-small-visibility\" style=\"--awb-padding-top:2rem;--awb-padding-right:2rem;--awb-padding-bottom:2rem;--awb-padding-left:2rem;--awb-bg-color:var(--awb-color2);--awb-bg-color-hover:var(--awb-color2);--awb-bg-size:cover;--awb-width-large:33.333333333333%;--awb-margin-top-large:0px;--awb-spacing-right-large:2.5vw;--awb-margin-bottom-large:0px;--awb-spacing-left-large:2.5vw;--awb-width-medium:33.333333333333%;--awb-order-medium:0;--awb-spacing-right-medium:2.5vw;--awb-spacing-left-medium:2.5vw;--awb-width-small:100%;--awb-order-small:0;--awb-spacing-right-small:2.5vw;--awb-spacing-left-small:2.5vw;\"><div class=\"fusion-column-wrapper fusion-column-has-shadow fusion-flex-justify-content-flex-start fusion-content-layout-column\"><div class=\"fusion-text fusion-text-11 fusion-text-no-margin\" style=\"--awb-font-size:var(--awb-custom_typography_1-font-size);--awb-line-height:1.2;--awb-letter-spacing:var(--awb-custom_typography_1-letter-spacing);--awb-text-transform:var(--awb-custom_typography_1-text-transform);--awb-text-color:var(--awb-color4);--awb-margin-bottom:.5rem;--awb-text-font-family:&quot;Poppins&quot;;--awb-text-font-style:normal;--awb-text-font-weight:800;\"><p>W tym artykule:<\/p>\n<\/div><div class=\"fusion-separator fusion-full-width-sep\" style=\"align-self: center;margin-left: auto;margin-right: auto;margin-top:8px;margin-bottom:2px;width:100%;\"><div class=\"fusion-separator-border sep-single sep-solid\" style=\"--awb-height:20px;--awb-amount:20px;border-color:var(--awb-color3);border-top-width:1px;\"><\/div><\/div><div class=\"awb-toc-el awb-toc-el--1\" data-awb-toc-id=\"1\" data-awb-toc-options=\"{&quot;allowed_heading_tags&quot;:{&quot;h2&quot;:0,&quot;h3&quot;:1,&quot;h4&quot;:2},&quot;ignore_headings&quot;:&quot;&quot;,&quot;ignore_headings_words&quot;:&quot;&quot;,&quot;enable_cache&quot;:&quot;yes&quot;,&quot;highlight_current_heading&quot;:&quot;yes&quot;,&quot;hide_hidden_titles&quot;:&quot;yes&quot;,&quot;limit_container&quot;:&quot;post_content&quot;,&quot;select_custom_headings&quot;:&quot;&quot;,&quot;icon&quot;:&quot;fa-angle-right fas&quot;,&quot;counter_type&quot;:&quot;none&quot;}\" style=\"--awb-margin-top:0;--awb-margin-right:0;--awb-margin-bottom:0;--awb-margin-left:0;--awb-padding-top:0;--awb-padding-right:0;--awb-padding-bottom:0;--awb-padding-left:0;--awb-item-font-size:14px;--awb-item-line-height:var(--awb-typography4-line-height);--awb-item-letter-spacing:var(--awb-typography4-letter-spacing);--awb-item-text-transform:var(--awb-typography4-text-transform);--awb-item-color:var(--awb-color8);--awb-item-color-hover:var(--awb-color4);--awb-counter-color:var(--awb-color4);--awb-list-indent:0px;--awb-item-highlighted-bg-color:rgba(255,255,255,0);--awb-item-hover-highlighted-bg-color:rgba(255,255,255,0);--awb-item-highlighted-color:var(--awb-color4);--awb-item-hover-highlighted-color:var(--awb-color4);--awb-item-padding-top:8px;--awb-item-padding-right:0;--awb-item-padding-left:0;--awb-item-margin-top:4px;--awb-item-margin-bottom:4px;--awb-item-font-family:var(--awb-typography4-font-family);--awb-item-font-weight:var(--awb-typography4-font-weight);--awb-item-font-style:var(--awb-typography4-font-style);--awb-item-overflow:hidden;--awb-item-white-space:nowrap;--awb-item-text-overflow:ellipsis;\"><div class=\"awb-toc-el__content\"><\/div><\/div><\/div><\/div>\n<\/div><\/div>\n","protected":false},"excerpt":{"rendered":"<p>We talk about the behind-the-scenes development of a film on neurodiversity in Orange.<br \/>\nI am glad that Sylwia Sikorska-Ney shared the story of the project, which shows that openness to different ways of thinking can be a strength of an organization.<br \/>\nThis film is not just an image &#8211; it is a manifesto of authenticity and empathy in the workplace. Its originator and co-creator talks about where the idea came from, what the preparations looked like and what this project has changed in the company. <\/p>\n","protected":false},"author":11,"featured_media":11987,"comment_status":"open","ping_status":"open","sticky":false,"template":"","format":"standard","meta":{"_acf_changed":false,"footnotes":""},"categories":[288,179],"tags":[181,236,229,238,230],"class_list":["post-11988","post","type-post","status-publish","format-standard","has-post-thumbnail","hentry","category-inclusive-culture","category-inclusive-management","tag-changemakers-zone","tag-dei-en","tag-diversity","tag-inclusive-hr-processes","tag-inclusiveness"],"acf":[],"yoast_head":"<!-- This site is optimized with the Yoast SEO plugin v27.4 - https:\/\/yoast.com\/product\/yoast-seo-wordpress\/ -->\n<title>When the camera helps you understand: a conversation about the making of a film about neurodiversity in Orange - Diversity Hub<\/title>\n<meta name=\"description\" content=\"We talk to Renata Steckiewicz, Head of Recruitment Projects and Employer Image at Orange, about the strategic approach to attracting talent and creating e-learning from inclusive recruitment.\" \/>\n<meta name=\"robots\" content=\"index, follow, max-snippet:-1, max-image-preview:large, max-video-preview:-1\" \/>\n<link rel=\"canonical\" href=\"https:\/\/diversityhub.pl\/en\/when-the-camera-helps-you-understand-a-conversation-about-the-making-of-a-film-about-neurodiversity-in-orange\/\" \/>\n<meta property=\"og:locale\" content=\"en_US\" \/>\n<meta property=\"og:type\" content=\"article\" \/>\n<meta property=\"og:title\" content=\"When the camera helps you understand: a conversation about the making of a film about neurodiversity in Orange - Diversity Hub\" \/>\n<meta property=\"og:description\" content=\"We talk to Renata Steckiewicz, Head of Recruitment Projects and Employer Image at Orange, about the strategic approach to attracting talent and creating e-learning from inclusive recruitment.\" \/>\n<meta property=\"og:url\" content=\"https:\/\/diversityhub.pl\/en\/when-the-camera-helps-you-understand-a-conversation-about-the-making-of-a-film-about-neurodiversity-in-orange\/\" \/>\n<meta property=\"og:site_name\" content=\"Diversity Hub\" \/>\n<meta property=\"article:publisher\" content=\"https:\/\/www.facebook.com\/diversityhubpl\" \/>\n<meta property=\"article:published_time\" content=\"2025-12-09T08:17:55+00:00\" \/>\n<meta property=\"article:modified_time\" content=\"2025-12-10T12:17:02+00:00\" \/>\n<meta property=\"og:image\" content=\"https:\/\/diversityhub.pl\/wp-content\/uploads\/2025\/12\/pexels-cottonbro-4123581-scaled.jpg\" \/>\n\t<meta property=\"og:image:width\" content=\"2560\" \/>\n\t<meta property=\"og:image:height\" content=\"1706\" \/>\n\t<meta property=\"og:image:type\" content=\"image\/jpeg\" \/>\n<meta name=\"author\" content=\"Sabina\" \/>\n<meta name=\"twitter:card\" content=\"summary_large_image\" \/>\n<meta name=\"twitter:creator\" content=\"@diversityhub_pl\" \/>\n<meta name=\"twitter:site\" content=\"@diversityhub_pl\" \/>\n<meta name=\"twitter:label1\" content=\"Written by\" \/>\n\t<meta name=\"twitter:data1\" content=\"Sabina\" \/>\n\t<meta name=\"twitter:label2\" content=\"Est. reading time\" \/>\n\t<meta name=\"twitter:data2\" content=\"16 minutes\" \/>\n<script type=\"application\/ld+json\" class=\"yoast-schema-graph\">{\"@context\":\"https:\\\/\\\/schema.org\",\"@graph\":[{\"@type\":\"Article\",\"@id\":\"https:\\\/\\\/diversityhub.pl\\\/en\\\/when-the-camera-helps-you-understand-a-conversation-about-the-making-of-a-film-about-neurodiversity-in-orange\\\/#article\",\"isPartOf\":{\"@id\":\"https:\\\/\\\/diversityhub.pl\\\/en\\\/when-the-camera-helps-you-understand-a-conversation-about-the-making-of-a-film-about-neurodiversity-in-orange\\\/\"},\"author\":{\"name\":\"Sabina\",\"@id\":\"https:\\\/\\\/diversityhub.pl\\\/en\\\/#\\\/schema\\\/person\\\/393ebb3b5b437eb74ec6d66c91d0a051\"},\"headline\":\"When the camera helps you understand: a conversation about the making of a film about neurodiversity in Orange\",\"datePublished\":\"2025-12-09T08:17:55+00:00\",\"dateModified\":\"2025-12-10T12:17:02+00:00\",\"mainEntityOfPage\":{\"@id\":\"https:\\\/\\\/diversityhub.pl\\\/en\\\/when-the-camera-helps-you-understand-a-conversation-about-the-making-of-a-film-about-neurodiversity-in-orange\\\/\"},\"wordCount\":3258,\"commentCount\":0,\"publisher\":{\"@id\":\"https:\\\/\\\/diversityhub.pl\\\/en\\\/#organization\"},\"image\":{\"@id\":\"https:\\\/\\\/diversityhub.pl\\\/en\\\/when-the-camera-helps-you-understand-a-conversation-about-the-making-of-a-film-about-neurodiversity-in-orange\\\/#primaryimage\"},\"thumbnailUrl\":\"https:\\\/\\\/diversityhub.pl\\\/wp-content\\\/uploads\\\/2025\\\/12\\\/pexels-cottonbro-4123581-scaled.jpg\",\"keywords\":[\"Changemakers Zone\",\"dei\",\"diversity\",\"inclusive hr processes\",\"inclusiveness\"],\"articleSection\":[\"Inclusive Culture\",\"Inclusive Management\"],\"inLanguage\":\"en-US\",\"potentialAction\":[{\"@type\":\"CommentAction\",\"name\":\"Comment\",\"target\":[\"https:\\\/\\\/diversityhub.pl\\\/en\\\/when-the-camera-helps-you-understand-a-conversation-about-the-making-of-a-film-about-neurodiversity-in-orange\\\/#respond\"]}]},{\"@type\":\"WebPage\",\"@id\":\"https:\\\/\\\/diversityhub.pl\\\/en\\\/when-the-camera-helps-you-understand-a-conversation-about-the-making-of-a-film-about-neurodiversity-in-orange\\\/\",\"url\":\"https:\\\/\\\/diversityhub.pl\\\/en\\\/when-the-camera-helps-you-understand-a-conversation-about-the-making-of-a-film-about-neurodiversity-in-orange\\\/\",\"name\":\"When the camera helps you understand: a conversation about the making of a film about neurodiversity in Orange - Diversity Hub\",\"isPartOf\":{\"@id\":\"https:\\\/\\\/diversityhub.pl\\\/en\\\/#website\"},\"primaryImageOfPage\":{\"@id\":\"https:\\\/\\\/diversityhub.pl\\\/en\\\/when-the-camera-helps-you-understand-a-conversation-about-the-making-of-a-film-about-neurodiversity-in-orange\\\/#primaryimage\"},\"image\":{\"@id\":\"https:\\\/\\\/diversityhub.pl\\\/en\\\/when-the-camera-helps-you-understand-a-conversation-about-the-making-of-a-film-about-neurodiversity-in-orange\\\/#primaryimage\"},\"thumbnailUrl\":\"https:\\\/\\\/diversityhub.pl\\\/wp-content\\\/uploads\\\/2025\\\/12\\\/pexels-cottonbro-4123581-scaled.jpg\",\"datePublished\":\"2025-12-09T08:17:55+00:00\",\"dateModified\":\"2025-12-10T12:17:02+00:00\",\"description\":\"We talk to Renata Steckiewicz, Head of Recruitment Projects and Employer Image at Orange, about the strategic approach to attracting talent and creating e-learning from inclusive recruitment.\",\"breadcrumb\":{\"@id\":\"https:\\\/\\\/diversityhub.pl\\\/en\\\/when-the-camera-helps-you-understand-a-conversation-about-the-making-of-a-film-about-neurodiversity-in-orange\\\/#breadcrumb\"},\"inLanguage\":\"en-US\",\"potentialAction\":[{\"@type\":\"ReadAction\",\"target\":[\"https:\\\/\\\/diversityhub.pl\\\/en\\\/when-the-camera-helps-you-understand-a-conversation-about-the-making-of-a-film-about-neurodiversity-in-orange\\\/\"]}]},{\"@type\":\"ImageObject\",\"inLanguage\":\"en-US\",\"@id\":\"https:\\\/\\\/diversityhub.pl\\\/en\\\/when-the-camera-helps-you-understand-a-conversation-about-the-making-of-a-film-about-neurodiversity-in-orange\\\/#primaryimage\",\"url\":\"https:\\\/\\\/diversityhub.pl\\\/wp-content\\\/uploads\\\/2025\\\/12\\\/pexels-cottonbro-4123581-scaled.jpg\",\"contentUrl\":\"https:\\\/\\\/diversityhub.pl\\\/wp-content\\\/uploads\\\/2025\\\/12\\\/pexels-cottonbro-4123581-scaled.jpg\",\"width\":2560,\"height\":1706},{\"@type\":\"BreadcrumbList\",\"@id\":\"https:\\\/\\\/diversityhub.pl\\\/en\\\/when-the-camera-helps-you-understand-a-conversation-about-the-making-of-a-film-about-neurodiversity-in-orange\\\/#breadcrumb\",\"itemListElement\":[{\"@type\":\"ListItem\",\"position\":1,\"name\":\"Strona g\u0142\u00f3wna\",\"item\":\"https:\\\/\\\/diversityhub.pl\\\/en\\\/home-page\\\/\"},{\"@type\":\"ListItem\",\"position\":2,\"name\":\"When the camera helps you understand: a conversation about the making of a film about neurodiversity in Orange\"}]},{\"@type\":\"WebSite\",\"@id\":\"https:\\\/\\\/diversityhub.pl\\\/en\\\/#website\",\"url\":\"https:\\\/\\\/diversityhub.pl\\\/en\\\/\",\"name\":\"Diversity Hub\",\"description\":\"Poprzez r\u00f3\u017cnorodno\u015b\u0107 zmieniamy biznes na lepsze\",\"publisher\":{\"@id\":\"https:\\\/\\\/diversityhub.pl\\\/en\\\/#organization\"},\"alternateName\":\"Diversity Hub\",\"potentialAction\":[{\"@type\":\"SearchAction\",\"target\":{\"@type\":\"EntryPoint\",\"urlTemplate\":\"https:\\\/\\\/diversityhub.pl\\\/en\\\/?s={search_term_string}\"},\"query-input\":{\"@type\":\"PropertyValueSpecification\",\"valueRequired\":true,\"valueName\":\"search_term_string\"}}],\"inLanguage\":\"en-US\"},{\"@type\":\"Organization\",\"@id\":\"https:\\\/\\\/diversityhub.pl\\\/en\\\/#organization\",\"name\":\"Diversity Hub\",\"url\":\"https:\\\/\\\/diversityhub.pl\\\/en\\\/\",\"logo\":{\"@type\":\"ImageObject\",\"inLanguage\":\"en-US\",\"@id\":\"https:\\\/\\\/diversityhub.pl\\\/en\\\/#\\\/schema\\\/logo\\\/image\\\/\",\"url\":\"https:\\\/\\\/diversityhub.pl\\\/wp-content\\\/uploads\\\/2024\\\/06\\\/DIVERSITY_HUB_DIVERSITY_MATTERS_2023_LOGO.jpg\",\"contentUrl\":\"https:\\\/\\\/diversityhub.pl\\\/wp-content\\\/uploads\\\/2024\\\/06\\\/DIVERSITY_HUB_DIVERSITY_MATTERS_2023_LOGO.jpg\",\"width\":1080,\"height\":1080,\"caption\":\"Diversity Hub\"},\"image\":{\"@id\":\"https:\\\/\\\/diversityhub.pl\\\/en\\\/#\\\/schema\\\/logo\\\/image\\\/\"},\"sameAs\":[\"https:\\\/\\\/www.facebook.com\\\/diversityhubpl\",\"https:\\\/\\\/x.com\\\/diversityhub_pl\",\"https:\\\/\\\/www.youtube.com\\\/@diversityhubpl\",\"https:\\\/\\\/www.linkedin.com\\\/company\\\/think-tank-diversity-hub\\\/\",\"https:\\\/\\\/www.instagram.com\\\/diversityhubpl\\\/\"]},{\"@type\":\"Person\",\"@id\":\"https:\\\/\\\/diversityhub.pl\\\/en\\\/#\\\/schema\\\/person\\\/393ebb3b5b437eb74ec6d66c91d0a051\",\"name\":\"Sabina\",\"image\":{\"@type\":\"ImageObject\",\"inLanguage\":\"en-US\",\"@id\":\"https:\\\/\\\/secure.gravatar.com\\\/avatar\\\/634acfaf1ccf1aa92e8b639b64a8e078c12e52e39454f26e19777e2d1a783500?s=96&d=mm&r=g\",\"url\":\"https:\\\/\\\/secure.gravatar.com\\\/avatar\\\/634acfaf1ccf1aa92e8b639b64a8e078c12e52e39454f26e19777e2d1a783500?s=96&d=mm&r=g\",\"contentUrl\":\"https:\\\/\\\/secure.gravatar.com\\\/avatar\\\/634acfaf1ccf1aa92e8b639b64a8e078c12e52e39454f26e19777e2d1a783500?s=96&d=mm&r=g\",\"caption\":\"Sabina\"}}]}<\/script>\n<!-- \/ Yoast SEO plugin. -->","yoast_head_json":{"title":"When the camera helps you understand: a conversation about the making of a film about neurodiversity in Orange - Diversity Hub","description":"We talk to Renata Steckiewicz, Head of Recruitment Projects and Employer Image at Orange, about the strategic approach to attracting talent and creating e-learning from inclusive recruitment.","robots":{"index":"index","follow":"follow","max-snippet":"max-snippet:-1","max-image-preview":"max-image-preview:large","max-video-preview":"max-video-preview:-1"},"canonical":"https:\/\/diversityhub.pl\/en\/when-the-camera-helps-you-understand-a-conversation-about-the-making-of-a-film-about-neurodiversity-in-orange\/","og_locale":"en_US","og_type":"article","og_title":"When the camera helps you understand: a conversation about the making of a film about neurodiversity in Orange - Diversity Hub","og_description":"We talk to Renata Steckiewicz, Head of Recruitment Projects and Employer Image at Orange, about the strategic approach to attracting talent and creating e-learning from inclusive recruitment.","og_url":"https:\/\/diversityhub.pl\/en\/when-the-camera-helps-you-understand-a-conversation-about-the-making-of-a-film-about-neurodiversity-in-orange\/","og_site_name":"Diversity Hub","article_publisher":"https:\/\/www.facebook.com\/diversityhubpl","article_published_time":"2025-12-09T08:17:55+00:00","article_modified_time":"2025-12-10T12:17:02+00:00","og_image":[{"width":2560,"height":1706,"url":"https:\/\/diversityhub.pl\/wp-content\/uploads\/2025\/12\/pexels-cottonbro-4123581-scaled.jpg","type":"image\/jpeg"}],"author":"Sabina","twitter_card":"summary_large_image","twitter_creator":"@diversityhub_pl","twitter_site":"@diversityhub_pl","twitter_misc":{"Written by":"Sabina","Est. reading time":"16 minutes"},"schema":{"@context":"https:\/\/schema.org","@graph":[{"@type":"Article","@id":"https:\/\/diversityhub.pl\/en\/when-the-camera-helps-you-understand-a-conversation-about-the-making-of-a-film-about-neurodiversity-in-orange\/#article","isPartOf":{"@id":"https:\/\/diversityhub.pl\/en\/when-the-camera-helps-you-understand-a-conversation-about-the-making-of-a-film-about-neurodiversity-in-orange\/"},"author":{"name":"Sabina","@id":"https:\/\/diversityhub.pl\/en\/#\/schema\/person\/393ebb3b5b437eb74ec6d66c91d0a051"},"headline":"When the camera helps you understand: a conversation about the making of a film about neurodiversity in Orange","datePublished":"2025-12-09T08:17:55+00:00","dateModified":"2025-12-10T12:17:02+00:00","mainEntityOfPage":{"@id":"https:\/\/diversityhub.pl\/en\/when-the-camera-helps-you-understand-a-conversation-about-the-making-of-a-film-about-neurodiversity-in-orange\/"},"wordCount":3258,"commentCount":0,"publisher":{"@id":"https:\/\/diversityhub.pl\/en\/#organization"},"image":{"@id":"https:\/\/diversityhub.pl\/en\/when-the-camera-helps-you-understand-a-conversation-about-the-making-of-a-film-about-neurodiversity-in-orange\/#primaryimage"},"thumbnailUrl":"https:\/\/diversityhub.pl\/wp-content\/uploads\/2025\/12\/pexels-cottonbro-4123581-scaled.jpg","keywords":["Changemakers Zone","dei","diversity","inclusive hr processes","inclusiveness"],"articleSection":["Inclusive Culture","Inclusive Management"],"inLanguage":"en-US","potentialAction":[{"@type":"CommentAction","name":"Comment","target":["https:\/\/diversityhub.pl\/en\/when-the-camera-helps-you-understand-a-conversation-about-the-making-of-a-film-about-neurodiversity-in-orange\/#respond"]}]},{"@type":"WebPage","@id":"https:\/\/diversityhub.pl\/en\/when-the-camera-helps-you-understand-a-conversation-about-the-making-of-a-film-about-neurodiversity-in-orange\/","url":"https:\/\/diversityhub.pl\/en\/when-the-camera-helps-you-understand-a-conversation-about-the-making-of-a-film-about-neurodiversity-in-orange\/","name":"When the camera helps you understand: a conversation about the making of a film about neurodiversity in Orange - Diversity Hub","isPartOf":{"@id":"https:\/\/diversityhub.pl\/en\/#website"},"primaryImageOfPage":{"@id":"https:\/\/diversityhub.pl\/en\/when-the-camera-helps-you-understand-a-conversation-about-the-making-of-a-film-about-neurodiversity-in-orange\/#primaryimage"},"image":{"@id":"https:\/\/diversityhub.pl\/en\/when-the-camera-helps-you-understand-a-conversation-about-the-making-of-a-film-about-neurodiversity-in-orange\/#primaryimage"},"thumbnailUrl":"https:\/\/diversityhub.pl\/wp-content\/uploads\/2025\/12\/pexels-cottonbro-4123581-scaled.jpg","datePublished":"2025-12-09T08:17:55+00:00","dateModified":"2025-12-10T12:17:02+00:00","description":"We talk to Renata Steckiewicz, Head of Recruitment Projects and Employer Image at Orange, about the strategic approach to attracting talent and creating e-learning from inclusive recruitment.","breadcrumb":{"@id":"https:\/\/diversityhub.pl\/en\/when-the-camera-helps-you-understand-a-conversation-about-the-making-of-a-film-about-neurodiversity-in-orange\/#breadcrumb"},"inLanguage":"en-US","potentialAction":[{"@type":"ReadAction","target":["https:\/\/diversityhub.pl\/en\/when-the-camera-helps-you-understand-a-conversation-about-the-making-of-a-film-about-neurodiversity-in-orange\/"]}]},{"@type":"ImageObject","inLanguage":"en-US","@id":"https:\/\/diversityhub.pl\/en\/when-the-camera-helps-you-understand-a-conversation-about-the-making-of-a-film-about-neurodiversity-in-orange\/#primaryimage","url":"https:\/\/diversityhub.pl\/wp-content\/uploads\/2025\/12\/pexels-cottonbro-4123581-scaled.jpg","contentUrl":"https:\/\/diversityhub.pl\/wp-content\/uploads\/2025\/12\/pexels-cottonbro-4123581-scaled.jpg","width":2560,"height":1706},{"@type":"BreadcrumbList","@id":"https:\/\/diversityhub.pl\/en\/when-the-camera-helps-you-understand-a-conversation-about-the-making-of-a-film-about-neurodiversity-in-orange\/#breadcrumb","itemListElement":[{"@type":"ListItem","position":1,"name":"Strona g\u0142\u00f3wna","item":"https:\/\/diversityhub.pl\/en\/home-page\/"},{"@type":"ListItem","position":2,"name":"When the camera helps you understand: a conversation about the making of a film about neurodiversity in Orange"}]},{"@type":"WebSite","@id":"https:\/\/diversityhub.pl\/en\/#website","url":"https:\/\/diversityhub.pl\/en\/","name":"Diversity Hub","description":"Poprzez r\u00f3\u017cnorodno\u015b\u0107 zmieniamy biznes na lepsze","publisher":{"@id":"https:\/\/diversityhub.pl\/en\/#organization"},"alternateName":"Diversity Hub","potentialAction":[{"@type":"SearchAction","target":{"@type":"EntryPoint","urlTemplate":"https:\/\/diversityhub.pl\/en\/?s={search_term_string}"},"query-input":{"@type":"PropertyValueSpecification","valueRequired":true,"valueName":"search_term_string"}}],"inLanguage":"en-US"},{"@type":"Organization","@id":"https:\/\/diversityhub.pl\/en\/#organization","name":"Diversity Hub","url":"https:\/\/diversityhub.pl\/en\/","logo":{"@type":"ImageObject","inLanguage":"en-US","@id":"https:\/\/diversityhub.pl\/en\/#\/schema\/logo\/image\/","url":"https:\/\/diversityhub.pl\/wp-content\/uploads\/2024\/06\/DIVERSITY_HUB_DIVERSITY_MATTERS_2023_LOGO.jpg","contentUrl":"https:\/\/diversityhub.pl\/wp-content\/uploads\/2024\/06\/DIVERSITY_HUB_DIVERSITY_MATTERS_2023_LOGO.jpg","width":1080,"height":1080,"caption":"Diversity Hub"},"image":{"@id":"https:\/\/diversityhub.pl\/en\/#\/schema\/logo\/image\/"},"sameAs":["https:\/\/www.facebook.com\/diversityhubpl","https:\/\/x.com\/diversityhub_pl","https:\/\/www.youtube.com\/@diversityhubpl","https:\/\/www.linkedin.com\/company\/think-tank-diversity-hub\/","https:\/\/www.instagram.com\/diversityhubpl\/"]},{"@type":"Person","@id":"https:\/\/diversityhub.pl\/en\/#\/schema\/person\/393ebb3b5b437eb74ec6d66c91d0a051","name":"Sabina","image":{"@type":"ImageObject","inLanguage":"en-US","@id":"https:\/\/secure.gravatar.com\/avatar\/634acfaf1ccf1aa92e8b639b64a8e078c12e52e39454f26e19777e2d1a783500?s=96&d=mm&r=g","url":"https:\/\/secure.gravatar.com\/avatar\/634acfaf1ccf1aa92e8b639b64a8e078c12e52e39454f26e19777e2d1a783500?s=96&d=mm&r=g","contentUrl":"https:\/\/secure.gravatar.com\/avatar\/634acfaf1ccf1aa92e8b639b64a8e078c12e52e39454f26e19777e2d1a783500?s=96&d=mm&r=g","caption":"Sabina"}}]}},"_links":{"self":[{"href":"https:\/\/diversityhub.pl\/en\/wp-json\/wp\/v2\/posts\/11988","targetHints":{"allow":["GET"]}}],"collection":[{"href":"https:\/\/diversityhub.pl\/en\/wp-json\/wp\/v2\/posts"}],"about":[{"href":"https:\/\/diversityhub.pl\/en\/wp-json\/wp\/v2\/types\/post"}],"author":[{"embeddable":true,"href":"https:\/\/diversityhub.pl\/en\/wp-json\/wp\/v2\/users\/11"}],"replies":[{"embeddable":true,"href":"https:\/\/diversityhub.pl\/en\/wp-json\/wp\/v2\/comments?post=11988"}],"version-history":[{"count":2,"href":"https:\/\/diversityhub.pl\/en\/wp-json\/wp\/v2\/posts\/11988\/revisions"}],"predecessor-version":[{"id":11990,"href":"https:\/\/diversityhub.pl\/en\/wp-json\/wp\/v2\/posts\/11988\/revisions\/11990"}],"wp:featuredmedia":[{"embeddable":true,"href":"https:\/\/diversityhub.pl\/en\/wp-json\/wp\/v2\/media\/11987"}],"wp:attachment":[{"href":"https:\/\/diversityhub.pl\/en\/wp-json\/wp\/v2\/media?parent=11988"}],"wp:term":[{"taxonomy":"category","embeddable":true,"href":"https:\/\/diversityhub.pl\/en\/wp-json\/wp\/v2\/categories?post=11988"},{"taxonomy":"post_tag","embeddable":true,"href":"https:\/\/diversityhub.pl\/en\/wp-json\/wp\/v2\/tags?post=11988"}],"curies":[{"name":"wp","href":"https:\/\/api.w.org\/{rel}","templated":true}]}}